{"id":1103,"date":"2024-06-21T15:46:15","date_gmt":"2024-06-21T15:46:15","guid":{"rendered":"http:\/\/ampaeuroparivas.org\/wordpress\/?p=1103"},"modified":"2024-06-21T15:46:15","modified_gmt":"2024-06-21T15:46:15","slug":"agenda-del-ampa-tercer-trimestre","status":"publish","type":"post","link":"http:\/\/ampaeuroparivas.org\/wordpress\/2024\/06\/21\/agenda-del-ampa-tercer-trimestre\/","title":{"rendered":"AGENDA DEL AMPA TERCER TRIMESTRE."},"content":{"rendered":"\n<figure class=\"wp-block-image size-large\"><img loading=\"lazy\" decoding=\"async\" width=\"410\" height=\"1024\" src=\"http:\/\/ampaeuroparivas.org\/wordpress\/wp-content\/uploads\/2024\/06\/agenda-ampa2-2_page-0001-410x1024.jpg\" alt=\"\" class=\"wp-image-1105\" srcset=\"http:\/\/ampaeuroparivas.org\/wordpress\/wp-content\/uploads\/2024\/06\/agenda-ampa2-2_page-0001-410x1024.jpg 410w, http:\/\/ampaeuroparivas.org\/wordpress\/wp-content\/uploads\/2024\/06\/agenda-ampa2-2_page-0001-120x300.jpg 120w, http:\/\/ampaeuroparivas.org\/wordpress\/wp-content\/uploads\/2024\/06\/agenda-ampa2-2_page-0001-768x1920.jpg 768w, http:\/\/ampaeuroparivas.org\/wordpress\/wp-content\/uploads\/2024\/06\/agenda-ampa2-2_page-0001-819x2048.jpg 819w, http:\/\/ampaeuroparivas.org\/wordpress\/wp-content\/uploads\/2024\/06\/agenda-ampa2-2_page-0001-scaled.jpg 1024w\" sizes=\"auto, (max-width: 410px) 100vw, 410px\" \/><\/figure>\n\n\n\n<figure class=\"wp-block-image size-large\"><img loading=\"lazy\" decoding=\"async\" width=\"410\" height=\"1024\" src=\"http:\/\/ampaeuroparivas.org\/wordpress\/wp-content\/uploads\/2024\/06\/agenda-ampa2-2_page-0002-410x1024.jpg\" alt=\"\" class=\"wp-image-1107\" srcset=\"http:\/\/ampaeuroparivas.org\/wordpress\/wp-content\/uploads\/2024\/06\/agenda-ampa2-2_page-0002-410x1024.jpg 410w, http:\/\/ampaeuroparivas.org\/wordpress\/wp-content\/uploads\/2024\/06\/agenda-ampa2-2_page-0002-120x300.jpg 120w, http:\/\/ampaeuroparivas.org\/wordpress\/wp-content\/uploads\/2024\/06\/agenda-ampa2-2_page-0002-768x1920.jpg 768w, http:\/\/ampaeuroparivas.org\/wordpress\/wp-content\/uploads\/2024\/06\/agenda-ampa2-2_page-0002-819x2048.jpg 819w, http:\/\/ampaeuroparivas.org\/wordpress\/wp-content\/uploads\/2024\/06\/agenda-ampa2-2_page-0002-scaled.jpg 1024w\" sizes=\"auto, (max-width: 410px) 100vw, 410px\" \/><\/figure>\n\n\n\n<figure class=\"wp-block-image size-large\"><img loading=\"lazy\" decoding=\"async\" width=\"410\" height=\"1024\" src=\"http:\/\/ampaeuroparivas.org\/wordpress\/wp-content\/uploads\/2024\/06\/agenda-ampa2-2_page-0003-1-410x1024.jpg\" alt=\"\" class=\"wp-image-1108\" srcset=\"http:\/\/ampaeuroparivas.org\/wordpress\/wp-content\/uploads\/2024\/06\/agenda-ampa2-2_page-0003-1-410x1024.jpg 410w, http:\/\/ampaeuroparivas.org\/wordpress\/wp-content\/uploads\/2024\/06\/agenda-ampa2-2_page-0003-1-120x300.jpg 120w, http:\/\/ampaeuroparivas.org\/wordpress\/wp-content\/uploads\/2024\/06\/agenda-ampa2-2_page-0003-1-768x1920.jpg 768w, http:\/\/ampaeuroparivas.org\/wordpress\/wp-content\/uploads\/2024\/06\/agenda-ampa2-2_page-0003-1-819x2048.jpg 819w, http:\/\/ampaeuroparivas.org\/wordpress\/wp-content\/uploads\/2024\/06\/agenda-ampa2-2_page-0003-1-scaled.jpg 1024w\" sizes=\"auto, (max-width: 410px) 100vw, 410px\" \/><\/figure>\n\n\n\n<p>\u00a1Hola de nuevo! Os enviamos la agenda del tercer trimestre, elaborada por miembros del AMPA.<\/p>\n\n\n\n<p>Deseamos que os guste y, sobre todo, os aporte para estos meses de descanso de nuestros chicos y chicas.<\/p>\n\n\n\n<p>Queremos desearos un feliz verano, disfrutando de ellas y ellos.<\/p>\n\n\n\n<p>Volveremos en septiembre, con m\u00e1s ganas, si es que se puede.<\/p>\n\n\n\n<p><a><\/a>Agradeceros la cantidad de socios que de nuevo est\u00e1is haciendo el pago para el pr\u00f3ximo curso, as\u00ed es todo m\u00e1s f\u00e1cil.<\/p>\n\n\n\n<p>Y lo m\u00e1s importante de este correo. Ha llegado la hora. CRUCI se despide de nuestro AMPA, a la que seguro todos conoc\u00e9is. Es una persona indescriptible, no hay nadie que se haya entregado m\u00e1s a un AMPA que ella, es la cabeza pensante y las manos que siempre est\u00e1n. La verdad es que a\u00fan no somos conscientes de lo que la vamos a echar en falta, ya no solo su trabajo, si no su cari\u00f1o, su empat\u00eda, su saber estar para todos, SIEMPRE.<\/p>\n\n\n\n<p>Os pedimos disculpas anticipadas porque, las que nos quedamos, haremos lo que podamos, pero se va a notar jeje.<\/p>\n\n\n\n<p>Feliz verano a todos.<\/p>\n\n\n\n<p>&#8212;<\/p>\n\n\n\n<p>UN SALUDO<\/p>\n\n\n\n<p>AMPA I.E.S. EUROPA<\/p>\n","protected":false},"excerpt":{"rendered":"<p>\u00a1Hola de nuevo! Os enviamos la agenda del tercer trimestre, elaborada por miembros del AMPA. Deseamos que os guste y, sobre todo, os aporte para estos meses de descanso de nuestros chicos y chicas. Queremos desearos un feliz verano, disfrutando de ellas y ellos. Volveremos en septiembre, con m\u00e1s ganas, si es que se puede. [&hellip;]<\/p>\n","protected":false},"author":1,"featured_media":0,"comment_status":"closed","ping_status":"open","sticky":false,"template":"","format":"standard","meta":{"site-sidebar-layout":"default","site-content-layout":"","ast-site-content-layout":"default","site-content-style":"default","site-sidebar-style":"default","ast-global-header-display":"","ast-banner-title-visibility":"","ast-main-header-display":"","ast-hfb-above-header-display":"","ast-hfb-below-header-display":"","ast-hfb-mobile-header-display":"","site-post-title":"","ast-breadcrumbs-content":"","ast-featured-img":"","footer-sml-layout":"","ast-disable-related-posts":"","theme-transparent-header-meta":"","adv-header-id-meta":"","stick-header-meta":"","header-above-stick-meta":"","header-main-stick-meta":"","header-below-stick-meta":"","astra-migrate-meta-layouts":"set","ast-page-background-enabled":"default","ast-page-background-meta":{"desktop":{"background-color":"var(--ast-global-color-4)","background-image":"","background-repeat":"repeat","background-position":"center center","background-size":"auto","background-attachment":"scroll","background-type":"","background-media":"","overlay-type":"","overlay-color":"","overlay-opacity":"","overlay-gradient":""},"tablet":{"background-color":"","background-image":"","background-repeat":"repeat","background-position":"center center","background-size":"auto","background-attachment":"scroll","background-type":"","background-media":"","overlay-type":"","overlay-color":"","overlay-opacity":"","overlay-gradient":""},"mobile":{"background-color":"","background-image":"","background-repeat":"repeat","background-position":"center center","background-size":"auto","background-attachment":"scroll","background-type":"","background-media":"","overlay-type":"","overlay-color":"","overlay-opacity":"","overlay-gradient":""}},"ast-content-background-meta":{"desktop":{"background-color":"var(--ast-global-color-5)","background-image":"","background-repeat":"repeat","background-position":"center center","background-size":"auto","background-attachment":"scroll","background-type":"","background-media":"","overlay-type":"","overlay-color":"","overlay-opacity":"","overlay-gradient":""},"tablet":{"background-color":"var(--ast-global-color-5)","background-image":"","background-repeat":"repeat","background-position":"center center","background-size":"auto","background-attachment":"scroll","background-type":"","background-media":"","overlay-type":"","overlay-color":"","overlay-opacity":"","overlay-gradient":""},"mobile":{"background-color":"var(--ast-global-color-5)","background-image":"","background-repeat":"repeat","background-position":"center center","background-size":"auto","background-attachment":"scroll","background-type":"","background-media":"","overlay-type":"","overlay-color":"","overlay-opacity":"","overlay-gradient":""}},"footnotes":""},"categories":[1],"tags":[],"class_list":["post-1103","post","type-post","status-publish","format-standard","hentry","category-sin-categoria"],"_links":{"self":[{"href":"http:\/\/ampaeuroparivas.org\/wordpress\/wp-json\/wp\/v2\/posts\/1103","targetHints":{"allow":["GET"]}}],"collection":[{"href":"http:\/\/ampaeuroparivas.org\/wordpress\/wp-json\/wp\/v2\/posts"}],"about":[{"href":"http:\/\/ampaeuroparivas.org\/wordpress\/wp-json\/wp\/v2\/types\/post"}],"author":[{"embeddable":true,"href":"http:\/\/ampaeuroparivas.org\/wordpress\/wp-json\/wp\/v2\/users\/1"}],"replies":[{"embeddable":true,"href":"http:\/\/ampaeuroparivas.org\/wordpress\/wp-json\/wp\/v2\/comments?post=1103"}],"version-history":[{"count":1,"href":"http:\/\/ampaeuroparivas.org\/wordpress\/wp-json\/wp\/v2\/posts\/1103\/revisions"}],"predecessor-version":[{"id":1109,"href":"http:\/\/ampaeuroparivas.org\/wordpress\/wp-json\/wp\/v2\/posts\/1103\/revisions\/1109"}],"wp:attachment":[{"href":"http:\/\/ampaeuroparivas.org\/wordpress\/wp-json\/wp\/v2\/media?parent=1103"}],"wp:term":[{"taxonomy":"category","embeddable":true,"href":"http:\/\/ampaeuroparivas.org\/wordpress\/wp-json\/wp\/v2\/categories?post=1103"},{"taxonomy":"post_tag","embeddable":true,"href":"http:\/\/ampaeuroparivas.org\/wordpress\/wp-json\/wp\/v2\/tags?post=1103"}],"curies":[{"name":"wp","href":"https:\/\/api.w.org\/{rel}","templated":true}]}}