{"id":1143,"date":"2024-12-01T11:57:16","date_gmt":"2024-12-01T11:57:16","guid":{"rendered":"http:\/\/ampaeuroparivas.org\/wordpress\/?p=1143"},"modified":"2024-12-01T11:57:16","modified_gmt":"2024-12-01T11:57:16","slug":"1143","status":"publish","type":"post","link":"http:\/\/ampaeuroparivas.org\/wordpress\/2024\/12\/01\/1143\/","title":{"rendered":""},"content":{"rendered":"\n<figure class=\"wp-block-image size-full is-resized\"><img loading=\"lazy\" decoding=\"async\" width=\"526\" height=\"526\" src=\"http:\/\/ampaeuroparivas.org\/wordpress\/wp-content\/uploads\/2024\/12\/399202018_1124502448521195_6777634160087416331_n.jpg\" alt=\"\" class=\"wp-image-1144\" style=\"width:526px;height:auto\" srcset=\"http:\/\/ampaeuroparivas.org\/wordpress\/wp-content\/uploads\/2024\/12\/399202018_1124502448521195_6777634160087416331_n.jpg 526w, http:\/\/ampaeuroparivas.org\/wordpress\/wp-content\/uploads\/2024\/12\/399202018_1124502448521195_6777634160087416331_n-300x300.jpg 300w, http:\/\/ampaeuroparivas.org\/wordpress\/wp-content\/uploads\/2024\/12\/399202018_1124502448521195_6777634160087416331_n-150x150.jpg 150w\" sizes=\"auto, (max-width: 526px) 100vw, 526px\" \/><\/figure>\n\n\n\n<p>Buenas tardes, el pasado viernes se celebraron en Rivas los Premios Compromiso Educativo Julio P\u00e9rez.<\/p>\n\n\n\n<p><br>Gan\u00f3 nuestro nominado Javier Tabar\u00e9s, justo merecedor por su incansable lucha por los servicios p\u00fablicos.<\/p>\n\n\n\n<p><br>Adem\u00e1s, nuestras alumnas Ana, Nahomi y Paula lucieron maravillosas en el escenario.<\/p>\n\n\n\n<p><br>La ganadora de esta categor\u00eda fue Marta, ex alumna del IES Europa, que actualmente estaba cursando un ciclo en el IES Duque de Rivas. Marta tristemente falleci\u00f3 hace unas semanas, con lo que adem\u00e1s de ganar se le hizo un homenaje a esta luchadora.<\/p>\n\n\n\n<p><\/p>\n\n\n\n<p>Un saludo, <\/p>\n\n\n\n<p>AMPA IES Europa.<\/p>\n","protected":false},"excerpt":{"rendered":"<p>Buenas tardes, el pasado viernes se celebraron en Rivas los Premios Compromiso Educativo Julio P\u00e9rez. Gan\u00f3 nuestro nominado Javier Tabar\u00e9s, justo merecedor por su incansable lucha por los servicios p\u00fablicos. Adem\u00e1s, nuestras alumnas Ana, Nahomi y Paula lucieron maravillosas en el escenario. La ganadora de esta categor\u00eda fue Marta, ex alumna del IES Europa, que [&hellip;]<\/p>\n","protected":false},"author":1,"featured_media":0,"comment_status":"closed","ping_status":"open","sticky":false,"template":"","format":"standard","meta":{"site-sidebar-layout":"default","site-content-layout":"","ast-site-content-layout":"default","site-content-style":"default","site-sidebar-style":"default","ast-global-header-display":"","ast-banner-title-visibility":"","ast-main-header-display":"","ast-hfb-above-header-display":"","ast-hfb-below-header-display":"","ast-hfb-mobile-header-display":"","site-post-title":"","ast-breadcrumbs-content":"","ast-featured-img":"","footer-sml-layout":"","ast-disable-related-posts":"","theme-transparent-header-meta":"","adv-header-id-meta":"","stick-header-meta":"","header-above-stick-meta":"","header-main-stick-meta":"","header-below-stick-meta":"","astra-migrate-meta-layouts":"set","ast-page-background-enabled":"default","ast-page-background-meta":{"desktop":{"background-color":"var(--ast-global-color-4)","background-image":"","background-repeat":"repeat","background-position":"center center","background-size":"auto","background-attachment":"scroll","background-type":"","background-media":"","overlay-type":"","overlay-color":"","overlay-opacity":"","overlay-gradient":""},"tablet":{"background-color":"","background-image":"","background-repeat":"repeat","background-position":"center center","background-size":"auto","background-attachment":"scroll","background-type":"","background-media":"","overlay-type":"","overlay-color":"","overlay-opacity":"","overlay-gradient":""},"mobile":{"background-color":"","background-image":"","background-repeat":"repeat","background-position":"center center","background-size":"auto","background-attachment":"scroll","background-type":"","background-media":"","overlay-type":"","overlay-color":"","overlay-opacity":"","overlay-gradient":""}},"ast-content-background-meta":{"desktop":{"background-color":"var(--ast-global-color-5)","background-image":"","background-repeat":"repeat","background-position":"center center","background-size":"auto","background-attachment":"scroll","background-type":"","background-media":"","overlay-type":"","overlay-color":"","overlay-opacity":"","overlay-gradient":""},"tablet":{"background-color":"var(--ast-global-color-5)","background-image":"","background-repeat":"repeat","background-position":"center center","background-size":"auto","background-attachment":"scroll","background-type":"","background-media":"","overlay-type":"","overlay-color":"","overlay-opacity":"","overlay-gradient":""},"mobile":{"background-color":"var(--ast-global-color-5)","background-image":"","background-repeat":"repeat","background-position":"center center","background-size":"auto","background-attachment":"scroll","background-type":"","background-media":"","overlay-type":"","overlay-color":"","overlay-opacity":"","overlay-gradient":""}},"footnotes":""},"categories":[1],"tags":[],"class_list":["post-1143","post","type-post","status-publish","format-standard","hentry","category-sin-categoria"],"_links":{"self":[{"href":"http:\/\/ampaeuroparivas.org\/wordpress\/wp-json\/wp\/v2\/posts\/1143","targetHints":{"allow":["GET"]}}],"collection":[{"href":"http:\/\/ampaeuroparivas.org\/wordpress\/wp-json\/wp\/v2\/posts"}],"about":[{"href":"http:\/\/ampaeuroparivas.org\/wordpress\/wp-json\/wp\/v2\/types\/post"}],"author":[{"embeddable":true,"href":"http:\/\/ampaeuroparivas.org\/wordpress\/wp-json\/wp\/v2\/users\/1"}],"replies":[{"embeddable":true,"href":"http:\/\/ampaeuroparivas.org\/wordpress\/wp-json\/wp\/v2\/comments?post=1143"}],"version-history":[{"count":1,"href":"http:\/\/ampaeuroparivas.org\/wordpress\/wp-json\/wp\/v2\/posts\/1143\/revisions"}],"predecessor-version":[{"id":1145,"href":"http:\/\/ampaeuroparivas.org\/wordpress\/wp-json\/wp\/v2\/posts\/1143\/revisions\/1145"}],"wp:attachment":[{"href":"http:\/\/ampaeuroparivas.org\/wordpress\/wp-json\/wp\/v2\/media?parent=1143"}],"wp:term":[{"taxonomy":"category","embeddable":true,"href":"http:\/\/ampaeuroparivas.org\/wordpress\/wp-json\/wp\/v2\/categories?post=1143"},{"taxonomy":"post_tag","embeddable":true,"href":"http:\/\/ampaeuroparivas.org\/wordpress\/wp-json\/wp\/v2\/tags?post=1143"}],"curies":[{"name":"wp","href":"https:\/\/api.w.org\/{rel}","templated":true}]}}