{"id":1180,"date":"2025-09-17T14:22:09","date_gmt":"2025-09-17T14:22:09","guid":{"rendered":"http:\/\/ampaeuroparivas.org\/wordpress\/?p=1180"},"modified":"2025-09-17T14:22:09","modified_gmt":"2025-09-17T14:22:09","slug":"merienda-de-bienvenida-familias-1o-eso","status":"publish","type":"post","link":"http:\/\/ampaeuroparivas.org\/wordpress\/2025\/09\/17\/merienda-de-bienvenida-familias-1o-eso\/","title":{"rendered":"MERIENDA DE BIENVENIDA FAMILIAS 1\u00ba ESO."},"content":{"rendered":"\n<figure class=\"wp-block-image size-full is-resized\"><img loading=\"lazy\" decoding=\"async\" width=\"994\" height=\"560\" src=\"http:\/\/ampaeuroparivas.org\/wordpress\/wp-content\/uploads\/2025\/09\/IMG_20250917_160619.jpg\" alt=\"\" class=\"wp-image-1181\" style=\"width:1046px;height:auto\" srcset=\"http:\/\/ampaeuroparivas.org\/wordpress\/wp-content\/uploads\/2025\/09\/IMG_20250917_160619.jpg 994w, http:\/\/ampaeuroparivas.org\/wordpress\/wp-content\/uploads\/2025\/09\/IMG_20250917_160619-300x169.jpg 300w, http:\/\/ampaeuroparivas.org\/wordpress\/wp-content\/uploads\/2025\/09\/IMG_20250917_160619-768x433.jpg 768w\" sizes=\"auto, (max-width: 994px) 100vw, 994px\" \/><\/figure>\n\n\n\n<p>Estimadas familias del AMPA:<\/p>\n\n\n\n<p>Para nosotras\/os es un placer daros la bienvenida a este nuevo curso 2025\/26 en el IES Europa. Las familias somos una de las bases sobre las que se sustenta la Comunidad Educativa y estamos muy orgullosas\/os de ver que este AMPA sigue siendo fuerte y con muchas familias asociadas (m\u00e1s de 150 este a\u00f1o).<\/p>\n\n\n\n<p>Como todos los a\u00f1os, queremos dar la bienvenida a todas aquellas familias de 1\u00baESO que hab\u00e9is entrado nuevas a nuestra asociaci\u00f3n y, para eso, os invitamos a una merienda el pr\u00f3ximo mi\u00e9rcoles 24 de septiembre a las 17:30 horas en la cafeter\u00eda del instituto. All\u00ed os informaremos de todas las actividades que hacemos y de las formas de participar en la asociaci\u00f3n. Un ratito para que todos\/as nos conozcamos un poco mejor y nos vayamos poniendo cara.<\/p>\n\n\n\n<p>Por otro lado, os mandaremos un correo electr\u00f3nico para invitaros a la primera Asamblea General de Socios\/as de este curso, que tendr\u00e1 lugar en el mes de octubre. Una asamblea importante porque, adem\u00e1s de ser la primera, tendremos cambio de Junta Directiva y nos va a tocar votar. Os mandaremos m\u00e1s informaci\u00f3n al respecto.<\/p>\n\n\n\n<p>Gracias a todos\/as por formar parte del AMPA.<\/p>\n\n\n\n<p>Un saludo.<\/p>\n\n\n\n<p>Junta Directiva AMPA IES Europa.<\/p>\n","protected":false},"excerpt":{"rendered":"<p>Estimadas familias del AMPA: Para nosotras\/os es un placer daros la bienvenida a este nuevo curso 2025\/26 en el IES Europa. Las familias somos una de las bases sobre las que se sustenta la Comunidad Educativa y estamos muy orgullosas\/os de ver que este AMPA sigue siendo fuerte y con muchas familias asociadas (m\u00e1s de [&hellip;]<\/p>\n","protected":false},"author":1,"featured_media":0,"comment_status":"closed","ping_status":"open","sticky":false,"template":"","format":"standard","meta":{"site-sidebar-layout":"default","site-content-layout":"","ast-site-content-layout":"default","site-content-style":"default","site-sidebar-style":"default","ast-global-header-display":"","ast-banner-title-visibility":"","ast-main-header-display":"","ast-hfb-above-header-display":"","ast-hfb-below-header-display":"","ast-hfb-mobile-header-display":"","site-post-title":"","ast-breadcrumbs-content":"","ast-featured-img":"","footer-sml-layout":"","ast-disable-related-posts":"","theme-transparent-header-meta":"","adv-header-id-meta":"","stick-header-meta":"","header-above-stick-meta":"","header-main-stick-meta":"","header-below-stick-meta":"","astra-migrate-meta-layouts":"set","ast-page-background-enabled":"default","ast-page-background-meta":{"desktop":{"background-color":"var(--ast-global-color-4)","background-image":"","background-repeat":"repeat","background-position":"center center","background-size":"auto","background-attachment":"scroll","background-type":"","background-media":"","overlay-type":"","overlay-color":"","overlay-opacity":"","overlay-gradient":""},"tablet":{"background-color":"","background-image":"","background-repeat":"repeat","background-position":"center center","background-size":"auto","background-attachment":"scroll","background-type":"","background-media":"","overlay-type":"","overlay-color":"","overlay-opacity":"","overlay-gradient":""},"mobile":{"background-color":"","background-image":"","background-repeat":"repeat","background-position":"center center","background-size":"auto","background-attachment":"scroll","background-type":"","background-media":"","overlay-type":"","overlay-color":"","overlay-opacity":"","overlay-gradient":""}},"ast-content-background-meta":{"desktop":{"background-color":"var(--ast-global-color-5)","background-image":"","background-repeat":"repeat","background-position":"center center","background-size":"auto","background-attachment":"scroll","background-type":"","background-media":"","overlay-type":"","overlay-color":"","overlay-opacity":"","overlay-gradient":""},"tablet":{"background-color":"var(--ast-global-color-5)","background-image":"","background-repeat":"repeat","background-position":"center center","background-size":"auto","background-attachment":"scroll","background-type":"","background-media":"","overlay-type":"","overlay-color":"","overlay-opacity":"","overlay-gradient":""},"mobile":{"background-color":"var(--ast-global-color-5)","background-image":"","background-repeat":"repeat","background-position":"center center","background-size":"auto","background-attachment":"scroll","background-type":"","background-media":"","overlay-type":"","overlay-color":"","overlay-opacity":"","overlay-gradient":""}},"footnotes":""},"categories":[1],"tags":[],"class_list":["post-1180","post","type-post","status-publish","format-standard","hentry","category-sin-categoria"],"_links":{"self":[{"href":"http:\/\/ampaeuroparivas.org\/wordpress\/wp-json\/wp\/v2\/posts\/1180","targetHints":{"allow":["GET"]}}],"collection":[{"href":"http:\/\/ampaeuroparivas.org\/wordpress\/wp-json\/wp\/v2\/posts"}],"about":[{"href":"http:\/\/ampaeuroparivas.org\/wordpress\/wp-json\/wp\/v2\/types\/post"}],"author":[{"embeddable":true,"href":"http:\/\/ampaeuroparivas.org\/wordpress\/wp-json\/wp\/v2\/users\/1"}],"replies":[{"embeddable":true,"href":"http:\/\/ampaeuroparivas.org\/wordpress\/wp-json\/wp\/v2\/comments?post=1180"}],"version-history":[{"count":1,"href":"http:\/\/ampaeuroparivas.org\/wordpress\/wp-json\/wp\/v2\/posts\/1180\/revisions"}],"predecessor-version":[{"id":1182,"href":"http:\/\/ampaeuroparivas.org\/wordpress\/wp-json\/wp\/v2\/posts\/1180\/revisions\/1182"}],"wp:attachment":[{"href":"http:\/\/ampaeuroparivas.org\/wordpress\/wp-json\/wp\/v2\/media?parent=1180"}],"wp:term":[{"taxonomy":"category","embeddable":true,"href":"http:\/\/ampaeuroparivas.org\/wordpress\/wp-json\/wp\/v2\/categories?post=1180"},{"taxonomy":"post_tag","embeddable":true,"href":"http:\/\/ampaeuroparivas.org\/wordpress\/wp-json\/wp\/v2\/tags?post=1180"}],"curies":[{"name":"wp","href":"https:\/\/api.w.org\/{rel}","templated":true}]}}